{"id":3606,"date":"2017-08-07T22:52:19","date_gmt":"2017-08-07T22:52:19","guid":{"rendered":"http:\/\/localhost:10004\/agosto-es-el-mes-de-la-salud-y-seguridad-ocular-de-los-ninos\/"},"modified":"2024-08-21T14:34:32","modified_gmt":"2024-08-21T21:34:32","slug":"agosto-es-el-mes-de-la-salud-y-seguridad-ocular-de-los-ninos","status":"publish","type":"post","link":"https:\/\/adelantehealthcare.com\/es\/agosto-es-el-mes-de-la-salud-y-seguridad-ocular-de-los-ninos\/","title":{"rendered":"Agosto es el Mes de la Salud y Seguridad Ocular de los Ni\u00f1os"},"content":{"rendered":"<p><img loading=\"lazy\" decoding=\"async\" class=\"circle_image_left\" src=\"https:\/\/adelantehealthcare.com\/wp-content\/uploads\/2022\/06\/Kids-Eye-Health_1.png\" alt=\"\" width=\"171\" height=\"250\"><\/p>\n<h2>\u00bfLe han revisado los ojos a sus hijos?<\/h2>\n<p>  Diego era un ni\u00f1o de cinco a\u00f1os inteligente y comprometido que no ve\u00eda la hora de empezar la escuela. Pero a las pocas semanas, su maestro inform\u00f3 que estaba luchando por mantenerse al d\u00eda y que hab\u00eda comenzado a actuar. Le pregunt\u00f3 a su madre si alguna vez le hab\u00edan revisado la vista. El 80 por ciento de los ni\u00f1os en edad preescolar no reciben ex\u00e1menes de la vista. El 60 por ciento de los ni\u00f1os con dificultades de aprendizaje tienen un problema de visi\u00f3n no detectado. Y uno de cada cuatro ni\u00f1os en edad escolar necesita anteojos para ver la pizarra negra o leer un libro. Es posible que los ni\u00f1os con problemas de visi\u00f3n no se quejen de que est\u00e1n teniendo problemas porque no saben qu\u00e9 es la visi\u00f3n normal. Los problemas de visi\u00f3n no corregidos pueden perjudicar el desarrollo del ni\u00f1o, interferir en su aprendizaje e incluso provocar una p\u00e9rdida permanente de visi\u00f3n; la detecci\u00f3n y el tratamiento precoces son fundamentales. Todos los ni\u00f1os, incluso aquellos que no tienen signos de problemas, deben tener sus ojos revisados a intervalos regulares. El pediatra puede utilizar los antecedentes visuales de la familia y una evaluaci\u00f3n visual para ver si el ni\u00f1o tiene alg\u00fan problema de visi\u00f3n. Si su hijo est\u00e1 experimentando problemas de visi\u00f3n o muestra s\u00edntomas de problemas oculares, puede ser referido a un optometrista de un oftalm\u00f3logo para un examen ocular completo. Una vez que le adaptaron las gafas, el rendimiento escolar de Diego mejor\u00f3 espectacularmente. Como sus socios para mantener a su familia saludable, queremos asegurarnos de que cualquier problema con la visi\u00f3n de sus hijos se identifique y trate lo antes posible. A finales de este mes, nuestro centro Surprise desplegar\u00e1 un dispositivo de \u00faltima generaci\u00f3n capaz de detectar problemas de visi\u00f3n en pacientes de tan solo seis meses de edad. Si la vista de sus hijos no ha sido revisada, llame a Adelante al <a href=\"tel:4809642273\">480-964-2273<\/a> para un examen de la vista.<\/p>\n","protected":false},"excerpt":{"rendered":"<p>\u00bfLe han revisado los ojos a sus hijos? Diego era un ni\u00f1o de cinco a\u00f1os inteligente y comprometido que no ve\u00eda la hora de empezar la escuela. Pero a las pocas semanas, su maestro inform\u00f3 que estaba luchando por mantenerse al d\u00eda y que hab\u00eda comenzado a actuar. Le pregunt\u00f3 a su madre si alguna [&hellip;]<\/p>\n","protected":false},"author":4,"featured_media":2748,"comment_status":"closed","ping_status":"closed","sticky":false,"template":"","format":"standard","meta":{"_acf_changed":false,"_yoast_wpseo_title":"","_yoast_wpseo_metadesc":"","_monsterinsights_skip_tracking":false,"_monsterinsights_sitenote_active":false,"_monsterinsights_sitenote_note":"","_monsterinsights_sitenote_category":0,"_metasync_otto_title":"","_metasync_otto_description":"","_metasync_otto_keywords":"","_metasync_otto_og_title":"","_metasync_otto_og_description":"","_metasync_otto_twitter_title":"","_metasync_otto_twitter_description":"","rank_math_title":"","rank_math_description":"","_aioseo_title":"","_aioseo_description":"","_metasync_seo_title":"","_metasync_seo_desc":"","_metasync_breadcrumb_title":"","_metasync_primary_category":0,"_metasync_primary_product_cat":0,"_metasync_otto_disabled":"","_metasync_hreflang":"","footnotes":""},"categories":[203,206],"tags":[270,318,319,320],"class_list":["post-3606","post","type-post","status-publish","format-standard","has-post-thumbnail","hentry","category-salud-de-los-ninos","category-salud-y-seguridad-de-la-familia","tag-salud-de-los-ninos","tag-salud-ocular","tag-pediatria","tag-revision-de-la-vista"],"acf":[],"yoast_head":"<!-- This site is optimized with the Yoast SEO plugin v27.4 - https:\/\/yoast.com\/product\/yoast-seo-wordpress\/ -->\n<title>Agosto es el Mes de la Salud y Seguridad Ocular de los Ni\u00f1os | Adelante Healthcare<\/title>\n<meta name=\"robots\" content=\"index, follow, max-snippet:-1, max-image-preview:large, max-video-preview:-1\" \/>\n<link rel=\"canonical\" href=\"https:\/\/adelantehealthcare.com\/es\/agosto-es-el-mes-de-la-salud-y-seguridad-ocular-de-los-ninos\/\" \/>\n<meta property=\"og:locale\" content=\"es_ES\" \/>\n<meta property=\"og:type\" content=\"article\" \/>\n<meta property=\"og:title\" content=\"Agosto es el Mes de la Salud y Seguridad Ocular de los Ni\u00f1os | Adelante Healthcare\" \/>\n<meta property=\"og:description\" content=\"\u00bfLe han revisado los ojos a sus hijos? Diego era un ni\u00f1o de cinco a\u00f1os inteligente y comprometido que no ve\u00eda la hora de empezar la escuela. Pero a las pocas semanas, su maestro inform\u00f3 que estaba luchando por mantenerse al d\u00eda y que hab\u00eda comenzado a actuar. Le pregunt\u00f3 a su madre si alguna [&hellip;]\" \/>\n<meta property=\"og:url\" content=\"https:\/\/adelantehealthcare.com\/es\/agosto-es-el-mes-de-la-salud-y-seguridad-ocular-de-los-ninos\/\" \/>\n<meta property=\"og:site_name\" content=\"Adelante Healthcare\" \/>\n<meta property=\"og:image\" content=\"https:\/\/adelantehealthcare.com\/wp-content\/uploads\/2022\/06\/Kids-Eye-Health_1.png\" \/>\n\t<meta property=\"og:image:width\" content=\"767\" \/>\n\t<meta property=\"og:image:height\" content=\"1042\" \/>\n\t<meta property=\"og:image:type\" content=\"image\/png\" \/>\n<meta name=\"author\" content=\"marketing\" \/>\n<meta name=\"twitter:card\" content=\"summary_large_image\" \/>\n<!-- \/ Yoast SEO plugin. -->","yoast_head_json":{"title":"Agosto es el Mes de la Salud y Seguridad Ocular de los Ni\u00f1os | Adelante Healthcare","robots":{"index":"index","follow":"follow","max-snippet":"max-snippet:-1","max-image-preview":"max-image-preview:large","max-video-preview":"max-video-preview:-1"},"canonical":"https:\/\/adelantehealthcare.com\/es\/agosto-es-el-mes-de-la-salud-y-seguridad-ocular-de-los-ninos\/","og_locale":"es_ES","og_type":"article","og_title":"Agosto es el Mes de la Salud y Seguridad Ocular de los Ni\u00f1os | Adelante Healthcare","og_description":"\u00bfLe han revisado los ojos a sus hijos? Diego era un ni\u00f1o de cinco a\u00f1os inteligente y comprometido que no ve\u00eda la hora de empezar la escuela. Pero a las pocas semanas, su maestro inform\u00f3 que estaba luchando por mantenerse al d\u00eda y que hab\u00eda comenzado a actuar. Le pregunt\u00f3 a su madre si alguna [&hellip;]","og_url":"https:\/\/adelantehealthcare.com\/es\/agosto-es-el-mes-de-la-salud-y-seguridad-ocular-de-los-ninos\/","og_site_name":"Adelante Healthcare","og_image":[{"width":767,"height":1042,"url":"https:\/\/adelantehealthcare.com\/wp-content\/uploads\/2022\/06\/Kids-Eye-Health_1.png","type":"image\/png"}],"author":"marketing","twitter_card":"summary_large_image","schema":{"@context":"https:\/\/schema.org","@graph":[{"@type":"Article","@id":"https:\/\/adelantehealthcare.com\/es\/agosto-es-el-mes-de-la-salud-y-seguridad-ocular-de-los-ninos\/#article","isPartOf":{"@id":"https:\/\/adelantehealthcare.com\/es\/agosto-es-el-mes-de-la-salud-y-seguridad-ocular-de-los-ninos\/"},"author":{"name":"marketing","@id":"https:\/\/adelantehealthcare.com\/es\/#\/schema\/person\/23d5965929b0004fe45cc46369829190"},"headline":"Agosto es el Mes de la Salud y Seguridad Ocular de los Ni\u00f1os","datePublished":"2017-08-07T22:52:19+00:00","dateModified":"2024-08-21T21:34:32+00:00","mainEntityOfPage":{"@id":"https:\/\/adelantehealthcare.com\/es\/agosto-es-el-mes-de-la-salud-y-seguridad-ocular-de-los-ninos\/"},"wordCount":379,"publisher":{"@id":"https:\/\/adelantehealthcare.com\/es\/#organization"},"image":{"@id":"https:\/\/adelantehealthcare.com\/es\/agosto-es-el-mes-de-la-salud-y-seguridad-ocular-de-los-ninos\/#primaryimage"},"thumbnailUrl":"https:\/\/adelantehealthcare.com\/wp-content\/uploads\/2022\/06\/Kids-Eye-Health_1.png","keywords":["Salud de los ni\u00f1os","Salud ocular","pediatr\u00eda","Revisi\u00f3n de la vista"],"articleSection":["Salud de los ni\u00f1os","Salud y seguridad de la familia"],"inLanguage":"es"},{"@type":"WebPage","@id":"https:\/\/adelantehealthcare.com\/es\/agosto-es-el-mes-de-la-salud-y-seguridad-ocular-de-los-ninos\/","url":"https:\/\/adelantehealthcare.com\/es\/agosto-es-el-mes-de-la-salud-y-seguridad-ocular-de-los-ninos\/","name":"Agosto es el Mes de la Salud y Seguridad Ocular de los Ni\u00f1os | Adelante Healthcare","isPartOf":{"@id":"https:\/\/adelantehealthcare.com\/es\/#website"},"primaryImageOfPage":{"@id":"https:\/\/adelantehealthcare.com\/es\/agosto-es-el-mes-de-la-salud-y-seguridad-ocular-de-los-ninos\/#primaryimage"},"image":{"@id":"https:\/\/adelantehealthcare.com\/es\/agosto-es-el-mes-de-la-salud-y-seguridad-ocular-de-los-ninos\/#primaryimage"},"thumbnailUrl":"https:\/\/adelantehealthcare.com\/wp-content\/uploads\/2022\/06\/Kids-Eye-Health_1.png","datePublished":"2017-08-07T22:52:19+00:00","dateModified":"2024-08-21T21:34:32+00:00","breadcrumb":{"@id":"https:\/\/adelantehealthcare.com\/es\/agosto-es-el-mes-de-la-salud-y-seguridad-ocular-de-los-ninos\/#breadcrumb"},"inLanguage":"es","potentialAction":[{"@type":"ReadAction","target":["https:\/\/adelantehealthcare.com\/es\/agosto-es-el-mes-de-la-salud-y-seguridad-ocular-de-los-ninos\/"]}]},{"@type":"ImageObject","inLanguage":"es","@id":"https:\/\/adelantehealthcare.com\/es\/agosto-es-el-mes-de-la-salud-y-seguridad-ocular-de-los-ninos\/#primaryimage","url":"https:\/\/adelantehealthcare.com\/wp-content\/uploads\/2022\/06\/Kids-Eye-Health_1.png","contentUrl":"https:\/\/adelantehealthcare.com\/wp-content\/uploads\/2022\/06\/Kids-Eye-Health_1.png","width":767,"height":1042,"caption":"Female provider examining male adolescent pacient's"},{"@type":"BreadcrumbList","@id":"https:\/\/adelantehealthcare.com\/es\/agosto-es-el-mes-de-la-salud-y-seguridad-ocular-de-los-ninos\/#breadcrumb","itemListElement":[{"@type":"ListItem","position":1,"name":"Home","item":"https:\/\/adelantehealthcare.com\/es\/"},{"@type":"ListItem","position":2,"name":"Agosto es el Mes de la Salud y Seguridad Ocular de los Ni\u00f1os"}]},{"@type":"WebSite","@id":"https:\/\/adelantehealthcare.com\/es\/#website","url":"https:\/\/adelantehealthcare.com\/es\/","name":"Adelante Healthcare","description":"Compassionate care, for your whole family","publisher":{"@id":"https:\/\/adelantehealthcare.com\/es\/#organization"},"alternateName":"Adelante Healthcare","potentialAction":[{"@type":"SearchAction","target":{"@type":"EntryPoint","urlTemplate":"https:\/\/adelantehealthcare.com\/es\/?s={search_term_string}"},"query-input":{"@type":"PropertyValueSpecification","valueRequired":true,"valueName":"search_term_string"}}],"inLanguage":"es"},{"@type":"Organization","@id":"https:\/\/adelantehealthcare.com\/es\/#organization","name":"Adelante Healthcare","url":"https:\/\/adelantehealthcare.com\/es\/","logo":{"@type":"ImageObject","inLanguage":"es","@id":"https:\/\/adelantehealthcare.com\/es\/#\/schema\/logo\/image\/","url":"https:\/\/adelantehealthcare.com\/wp-content\/uploads\/2024\/02\/adelante-healthcare.jpg","contentUrl":"https:\/\/adelantehealthcare.com\/wp-content\/uploads\/2024\/02\/adelante-healthcare.jpg","width":500,"height":500,"caption":"Adelante Healthcare"},"image":{"@id":"https:\/\/adelantehealthcare.com\/es\/#\/schema\/logo\/image\/"}},{"@type":"Person","@id":"https:\/\/adelantehealthcare.com\/es\/#\/schema\/person\/23d5965929b0004fe45cc46369829190","name":"marketing","image":{"@type":"ImageObject","inLanguage":"es","@id":"https:\/\/secure.gravatar.com\/avatar\/5bfbbc4ff4c8ceb3293fefb9079b53f3e6eeb9e0cf7a60803be4e107f80878ca?s=96&d=mm&r=g","url":"https:\/\/secure.gravatar.com\/avatar\/5bfbbc4ff4c8ceb3293fefb9079b53f3e6eeb9e0cf7a60803be4e107f80878ca?s=96&d=mm&r=g","contentUrl":"https:\/\/secure.gravatar.com\/avatar\/5bfbbc4ff4c8ceb3293fefb9079b53f3e6eeb9e0cf7a60803be4e107f80878ca?s=96&d=mm&r=g","caption":"marketing"},"sameAs":["https:\/\/adelantehealthcare.com\/"]}]}},"_links":{"self":[{"href":"https:\/\/adelantehealthcare.com\/es\/wp-json\/wp\/v2\/posts\/3606","targetHints":{"allow":["GET"]}}],"collection":[{"href":"https:\/\/adelantehealthcare.com\/es\/wp-json\/wp\/v2\/posts"}],"about":[{"href":"https:\/\/adelantehealthcare.com\/es\/wp-json\/wp\/v2\/types\/post"}],"author":[{"embeddable":true,"href":"https:\/\/adelantehealthcare.com\/es\/wp-json\/wp\/v2\/users\/4"}],"replies":[{"embeddable":true,"href":"https:\/\/adelantehealthcare.com\/es\/wp-json\/wp\/v2\/comments?post=3606"}],"version-history":[{"count":0,"href":"https:\/\/adelantehealthcare.com\/es\/wp-json\/wp\/v2\/posts\/3606\/revisions"}],"wp:featuredmedia":[{"embeddable":true,"href":"https:\/\/adelantehealthcare.com\/es\/wp-json\/wp\/v2\/media\/2748"}],"wp:attachment":[{"href":"https:\/\/adelantehealthcare.com\/es\/wp-json\/wp\/v2\/media?parent=3606"}],"wp:term":[{"taxonomy":"category","embeddable":true,"href":"https:\/\/adelantehealthcare.com\/es\/wp-json\/wp\/v2\/categories?post=3606"},{"taxonomy":"post_tag","embeddable":true,"href":"https:\/\/adelantehealthcare.com\/es\/wp-json\/wp\/v2\/tags?post=3606"}],"curies":[{"name":"wp","href":"https:\/\/api.w.org\/{rel}","templated":true}]}}