{"id":3592,"date":"2018-02-20T15:10:58","date_gmt":"2018-02-20T15:10:58","guid":{"rendered":"http:\/\/localhost:10004\/febrero-es-el-mes-nacional-de-la-salud-dental-infantil\/"},"modified":"2024-08-21T14:34:31","modified_gmt":"2024-08-21T21:34:31","slug":"febrero-es-el-mes-nacional-de-la-salud-dental-infantil","status":"publish","type":"post","link":"https:\/\/adelantehealthcare.com\/es\/febrero-es-el-mes-nacional-de-la-salud-dental-infantil\/","title":{"rendered":"Febrero es el Mes Nacional de la Salud Dental Infantil"},"content":{"rendered":"<p><img loading=\"lazy\" decoding=\"async\" class=\"circle_image_left\" src=\"https:\/\/adelantehealthcare.com\/wp-content\/uploads\/2022\/06\/Dental-blog_-image1..png\" alt=\"\" width=\"171\" height=\"250\"><\/p>\n<h2>Crear conciencia sobre la importancia de la salud oral.<\/h2>\n<p>  El Mes Nacional de la Salud Dental Infantil pretende concienciar sobre la importancia de la salud bucodental.  <strong>\u00bfPor qu\u00e9 es esto TAN importante?<\/strong>  La caries dental es la enfermedad cr\u00f3nica m\u00e1s frecuente en los ni\u00f1os. La buena noticia es que&#8230; existen medidas preventivas seguras y eficaces que pueden proteger los dientes de los ni\u00f1os.  <\/p>\n<h2>\u00bfCu\u00e1ndo deben sus hijos ver a un dentista?<\/h2>\n<p>  La Asociaci\u00f3n Dental Americana (ADA) recomienda que los ni\u00f1os visiten a un dentista&nbsp; antes de cumplir un a\u00f1o.  <\/p>\n<h4>Aqu\u00ed hay algunos consejos saludables:<\/h4>\n<ul>\n<li>Nunca es demasiado temprano para comenzar a limpiar las enc\u00edas de su beb\u00e9. Humedezca un pa\u00f1o sobre las enc\u00edas para eliminar las bacterias da\u00f1inas.<\/li>\n<li>Empieza a cepillar los dientes de tu beb\u00e9 cuando veas que se acerca uno con un cepillo infantil.\n<ul>\n<li>Use agua y un poco de pasta dental con fl\u00faor (aproximadamente del tama\u00f1o de un grano de arroz).<\/li>\n<li>Use pasta dental con fl\u00faor que lleve el sello de aceptaci\u00f3n de la Asociaci\u00f3n Dental Americana (ADA). (Si est\u00e1 usando pasta dental para beb\u00e9s sin el fluoruro, mant\u00e9ngala en la misma cantidad porque a\u00fan desea minimizar cualquier pasta dental que se trague).<\/li>\n<\/ul>\n<\/li>\n<li>Una vez que los dientes de su beb\u00e9 se toquen, puede comenzar a usar hilo dental entre ellos.<\/li>\n<li>Alrededor de los 2 a\u00f1os, su hijo debe aprender a escupir mientras se cepilla<\/li>\n<li>Los ni\u00f1os de 3 a\u00f1os en adelante deben usar solo una cantidad de pasta dental con fl\u00faor del tama\u00f1o de un guisante.<\/li>\n<li>Siempre supervise a los ni\u00f1os menores de 6 a\u00f1os mientras se cepillan, ya que es m\u00e1s probable que traguen pasta de dientes.<\/li>\n<li>\u00a1Haz que el cepillado sea divertido!\n<ul>\n<li>Reproduzca una &#8220;canci\u00f3n de cepillo de dientes&#8221; o reproduzca un video.<\/li>\n<li>\u00a1Aqu\u00ed est\u00e1 nuestro favorito!<\/li>\n<\/ul>\n<\/li>\n<\/ul>\n<p style=\"text-align: center;\"><iframe loading=\"lazy\" src=\"https:\/\/www.youtube.com\/embed\/wxMrtK-kYnE\" width=\"560\" height=\"315\" frameborder=\"0\" allowfullscreen=\"allowfullscreen\"><\/iframe><\/p>\n<p>  Nuestros servicios odontol\u00f3gicos familiares incluyen una gama completa de cuidados dentales generales para ni\u00f1os y adultos.&nbsp;  Adelante Healthcare ofrece Family Dental en nuestros centros de salud Mesa, Surprise, Buckeye y Gila Bend. Haga clic <a href=\"https:\/\/adelantehealthcare.com\/services\/dental\/\">aqu\u00ed<\/a> para obtener m\u00e1s informaci\u00f3n. P\u00f3ngase en contacto con nosotros para concertar una cita: <a href=\"tel:4809642273\">480-964-2273<\/a><\/p>\n","protected":false},"excerpt":{"rendered":"<p>Crear conciencia sobre la importancia de la salud oral. El Mes Nacional de la Salud Dental Infantil pretende concienciar sobre la importancia de la salud bucodental. \u00bfPor qu\u00e9 es esto TAN importante? La caries dental es la enfermedad cr\u00f3nica m\u00e1s frecuente en los ni\u00f1os. La buena noticia es que&#8230; existen medidas preventivas seguras y eficaces [&hellip;]<\/p>\n","protected":false},"author":4,"featured_media":2752,"comment_status":"closed","ping_status":"closed","sticky":false,"template":"","format":"standard","meta":{"_acf_changed":false,"_yoast_wpseo_title":"","_yoast_wpseo_metadesc":"","_monsterinsights_skip_tracking":false,"_monsterinsights_sitenote_active":false,"_monsterinsights_sitenote_note":"","_monsterinsights_sitenote_category":0,"_metasync_otto_title":"","_metasync_otto_description":"","_metasync_otto_keywords":"","_metasync_otto_og_title":"","_metasync_otto_og_description":"","_metasync_otto_twitter_title":"","_metasync_otto_twitter_description":"","rank_math_title":"","rank_math_description":"","_aioseo_title":"","_aioseo_description":"","_metasync_seo_title":"","_metasync_seo_desc":"","_metasync_breadcrumb_title":"","_metasync_primary_category":0,"_metasync_primary_product_cat":0,"_metasync_otto_disabled":"","_metasync_hreflang":"","footnotes":""},"categories":[194,201,203,206],"tags":[299,300,301],"class_list":["post-3592","post","type-post","status-publish","format-standard","has-post-thumbnail","hentry","category-noticias-de-salud","category-consejos-de-vida","category-salud-de-los-ninos","category-salud-y-seguridad-de-la-familia","tag-mes-nacional-de-la-salud-dental-infantil","tag-salud-bucal","tag-crear-conciencia"],"acf":[],"yoast_head":"<!-- This site is optimized with the Yoast SEO plugin v27.5 - https:\/\/yoast.com\/product\/yoast-seo-wordpress\/ -->\n<title>Febrero es el Mes Nacional de la Salud Dental Infantil | Adelante Healthcare<\/title>\n<meta name=\"robots\" content=\"index, follow, max-snippet:-1, max-image-preview:large, max-video-preview:-1\" \/>\n<link rel=\"canonical\" href=\"https:\/\/adelantehealthcare.com\/es\/febrero-es-el-mes-nacional-de-la-salud-dental-infantil\/\" \/>\n<meta property=\"og:locale\" content=\"es_ES\" \/>\n<meta property=\"og:type\" content=\"article\" \/>\n<meta property=\"og:title\" content=\"Febrero es el Mes Nacional de la Salud Dental Infantil | Adelante Healthcare\" \/>\n<meta property=\"og:description\" content=\"Crear conciencia sobre la importancia de la salud oral. El Mes Nacional de la Salud Dental Infantil pretende concienciar sobre la importancia de la salud bucodental. \u00bfPor qu\u00e9 es esto TAN importante? La caries dental es la enfermedad cr\u00f3nica m\u00e1s frecuente en los ni\u00f1os. La buena noticia es que&#8230; existen medidas preventivas seguras y eficaces [&hellip;]\" \/>\n<meta property=\"og:url\" content=\"https:\/\/adelantehealthcare.com\/es\/febrero-es-el-mes-nacional-de-la-salud-dental-infantil\/\" \/>\n<meta property=\"og:site_name\" content=\"Adelante Healthcare\" \/>\n<meta property=\"og:image\" content=\"https:\/\/adelantehealthcare.com\/wp-content\/uploads\/2022\/06\/Dental-blog_-image1..png\" \/>\n\t<meta property=\"og:image:width\" content=\"767\" \/>\n\t<meta property=\"og:image:height\" content=\"1041\" \/>\n\t<meta property=\"og:image:type\" content=\"image\/png\" \/>\n<meta name=\"author\" content=\"marketing\" \/>\n<meta name=\"twitter:card\" content=\"summary_large_image\" \/>\n<!-- \/ Yoast SEO plugin. -->","yoast_head_json":{"title":"Febrero es el Mes Nacional de la Salud Dental Infantil | Adelante Healthcare","robots":{"index":"index","follow":"follow","max-snippet":"max-snippet:-1","max-image-preview":"max-image-preview:large","max-video-preview":"max-video-preview:-1"},"canonical":"https:\/\/adelantehealthcare.com\/es\/febrero-es-el-mes-nacional-de-la-salud-dental-infantil\/","og_locale":"es_ES","og_type":"article","og_title":"Febrero es el Mes Nacional de la Salud Dental Infantil | Adelante Healthcare","og_description":"Crear conciencia sobre la importancia de la salud oral. El Mes Nacional de la Salud Dental Infantil pretende concienciar sobre la importancia de la salud bucodental. \u00bfPor qu\u00e9 es esto TAN importante? La caries dental es la enfermedad cr\u00f3nica m\u00e1s frecuente en los ni\u00f1os. La buena noticia es que&#8230; existen medidas preventivas seguras y eficaces [&hellip;]","og_url":"https:\/\/adelantehealthcare.com\/es\/febrero-es-el-mes-nacional-de-la-salud-dental-infantil\/","og_site_name":"Adelante Healthcare","og_image":[{"width":767,"height":1041,"url":"https:\/\/adelantehealthcare.com\/wp-content\/uploads\/2022\/06\/Dental-blog_-image1..png","type":"image\/png"}],"author":"marketing","twitter_card":"summary_large_image","schema":{"@context":"https:\/\/schema.org","@graph":[{"@type":"Article","@id":"https:\/\/adelantehealthcare.com\/es\/febrero-es-el-mes-nacional-de-la-salud-dental-infantil\/#article","isPartOf":{"@id":"https:\/\/adelantehealthcare.com\/es\/febrero-es-el-mes-nacional-de-la-salud-dental-infantil\/"},"author":{"name":"marketing","@id":"https:\/\/adelantehealthcare.com\/es\/#\/schema\/person\/23d5965929b0004fe45cc46369829190"},"headline":"Febrero es el Mes Nacional de la Salud Dental Infantil","datePublished":"2018-02-20T15:10:58+00:00","dateModified":"2024-08-21T21:34:31+00:00","mainEntityOfPage":{"@id":"https:\/\/adelantehealthcare.com\/es\/febrero-es-el-mes-nacional-de-la-salud-dental-infantil\/"},"wordCount":386,"publisher":{"@id":"https:\/\/adelantehealthcare.com\/es\/#organization"},"image":{"@id":"https:\/\/adelantehealthcare.com\/es\/febrero-es-el-mes-nacional-de-la-salud-dental-infantil\/#primaryimage"},"thumbnailUrl":"https:\/\/adelantehealthcare.com\/wp-content\/uploads\/2022\/06\/Dental-blog_-image1..png","keywords":["Mes Nacional de la Salud Dental Infantil","Salud bucal","Crear conciencia"],"articleSection":["Noticias de Salud","Consejos de vida","Salud de los ni\u00f1os","Salud y seguridad de la familia"],"inLanguage":"es"},{"@type":"WebPage","@id":"https:\/\/adelantehealthcare.com\/es\/febrero-es-el-mes-nacional-de-la-salud-dental-infantil\/","url":"https:\/\/adelantehealthcare.com\/es\/febrero-es-el-mes-nacional-de-la-salud-dental-infantil\/","name":"Febrero es el Mes Nacional de la Salud Dental Infantil | Adelante Healthcare","isPartOf":{"@id":"https:\/\/adelantehealthcare.com\/es\/#website"},"primaryImageOfPage":{"@id":"https:\/\/adelantehealthcare.com\/es\/febrero-es-el-mes-nacional-de-la-salud-dental-infantil\/#primaryimage"},"image":{"@id":"https:\/\/adelantehealthcare.com\/es\/febrero-es-el-mes-nacional-de-la-salud-dental-infantil\/#primaryimage"},"thumbnailUrl":"https:\/\/adelantehealthcare.com\/wp-content\/uploads\/2022\/06\/Dental-blog_-image1..png","datePublished":"2018-02-20T15:10:58+00:00","dateModified":"2024-08-21T21:34:31+00:00","breadcrumb":{"@id":"https:\/\/adelantehealthcare.com\/es\/febrero-es-el-mes-nacional-de-la-salud-dental-infantil\/#breadcrumb"},"inLanguage":"es","potentialAction":[{"@type":"ReadAction","target":["https:\/\/adelantehealthcare.com\/es\/febrero-es-el-mes-nacional-de-la-salud-dental-infantil\/"]}]},{"@type":"ImageObject","inLanguage":"es","@id":"https:\/\/adelantehealthcare.com\/es\/febrero-es-el-mes-nacional-de-la-salud-dental-infantil\/#primaryimage","url":"https:\/\/adelantehealthcare.com\/wp-content\/uploads\/2022\/06\/Dental-blog_-image1..png","contentUrl":"https:\/\/adelantehealthcare.com\/wp-content\/uploads\/2022\/06\/Dental-blog_-image1..png","width":767,"height":1041,"caption":"February is National Children's Dental Health Month Dental Blog"},{"@type":"BreadcrumbList","@id":"https:\/\/adelantehealthcare.com\/es\/febrero-es-el-mes-nacional-de-la-salud-dental-infantil\/#breadcrumb","itemListElement":[{"@type":"ListItem","position":1,"name":"Home","item":"https:\/\/adelantehealthcare.com\/es\/"},{"@type":"ListItem","position":2,"name":"Febrero es el Mes Nacional de la Salud Dental Infantil"}]},{"@type":"WebSite","@id":"https:\/\/adelantehealthcare.com\/es\/#website","url":"https:\/\/adelantehealthcare.com\/es\/","name":"Adelante Healthcare","description":"Compassionate care, for your whole family","publisher":{"@id":"https:\/\/adelantehealthcare.com\/es\/#organization"},"alternateName":"Adelante Healthcare","potentialAction":[{"@type":"SearchAction","target":{"@type":"EntryPoint","urlTemplate":"https:\/\/adelantehealthcare.com\/es\/?s={search_term_string}"},"query-input":{"@type":"PropertyValueSpecification","valueRequired":true,"valueName":"search_term_string"}}],"inLanguage":"es"},{"@type":"Organization","@id":"https:\/\/adelantehealthcare.com\/es\/#organization","name":"Adelante Healthcare","url":"https:\/\/adelantehealthcare.com\/es\/","logo":{"@type":"ImageObject","inLanguage":"es","@id":"https:\/\/adelantehealthcare.com\/es\/#\/schema\/logo\/image\/","url":"https:\/\/adelantehealthcare.com\/wp-content\/uploads\/2024\/02\/adelante-healthcare.jpg","contentUrl":"https:\/\/adelantehealthcare.com\/wp-content\/uploads\/2024\/02\/adelante-healthcare.jpg","width":500,"height":500,"caption":"Adelante Healthcare"},"image":{"@id":"https:\/\/adelantehealthcare.com\/es\/#\/schema\/logo\/image\/"}},{"@type":"Person","@id":"https:\/\/adelantehealthcare.com\/es\/#\/schema\/person\/23d5965929b0004fe45cc46369829190","name":"marketing","image":{"@type":"ImageObject","inLanguage":"es","@id":"https:\/\/secure.gravatar.com\/avatar\/5bfbbc4ff4c8ceb3293fefb9079b53f3e6eeb9e0cf7a60803be4e107f80878ca?s=96&d=mm&r=g","url":"https:\/\/secure.gravatar.com\/avatar\/5bfbbc4ff4c8ceb3293fefb9079b53f3e6eeb9e0cf7a60803be4e107f80878ca?s=96&d=mm&r=g","contentUrl":"https:\/\/secure.gravatar.com\/avatar\/5bfbbc4ff4c8ceb3293fefb9079b53f3e6eeb9e0cf7a60803be4e107f80878ca?s=96&d=mm&r=g","caption":"marketing"},"sameAs":["https:\/\/adelantehealthcare.com\/"]}]}},"_links":{"self":[{"href":"https:\/\/adelantehealthcare.com\/es\/wp-json\/wp\/v2\/posts\/3592","targetHints":{"allow":["GET"]}}],"collection":[{"href":"https:\/\/adelantehealthcare.com\/es\/wp-json\/wp\/v2\/posts"}],"about":[{"href":"https:\/\/adelantehealthcare.com\/es\/wp-json\/wp\/v2\/types\/post"}],"author":[{"embeddable":true,"href":"https:\/\/adelantehealthcare.com\/es\/wp-json\/wp\/v2\/users\/4"}],"replies":[{"embeddable":true,"href":"https:\/\/adelantehealthcare.com\/es\/wp-json\/wp\/v2\/comments?post=3592"}],"version-history":[{"count":0,"href":"https:\/\/adelantehealthcare.com\/es\/wp-json\/wp\/v2\/posts\/3592\/revisions"}],"wp:featuredmedia":[{"embeddable":true,"href":"https:\/\/adelantehealthcare.com\/es\/wp-json\/wp\/v2\/media\/2752"}],"wp:attachment":[{"href":"https:\/\/adelantehealthcare.com\/es\/wp-json\/wp\/v2\/media?parent=3592"}],"wp:term":[{"taxonomy":"category","embeddable":true,"href":"https:\/\/adelantehealthcare.com\/es\/wp-json\/wp\/v2\/categories?post=3592"},{"taxonomy":"post_tag","embeddable":true,"href":"https:\/\/adelantehealthcare.com\/es\/wp-json\/wp\/v2\/tags?post=3592"}],"curies":[{"name":"wp","href":"https:\/\/api.w.org\/{rel}","templated":true}]}}