{"id":3577,"date":"2020-08-14T19:12:32","date_gmt":"2020-08-14T19:12:32","guid":{"rendered":"http:\/\/localhost:10004\/los-trabajadores-agricolas-necesitan-nuestro-apoyo\/"},"modified":"2023-03-21T16:26:50","modified_gmt":"2023-03-21T16:26:50","slug":"los-trabajadores-agricolas-necesitan-nuestro-apoyo","status":"publish","type":"post","link":"https:\/\/adelantehealthcare.com\/es\/los-trabajadores-agricolas-necesitan-nuestro-apoyo\/","title":{"rendered":"Los trabajadores agr\u00edcolas necesitan nuestro apoyo"},"content":{"rendered":"<p><img loading=\"lazy\" decoding=\"async\" class=\"alignright wp-image-14246\" src=\"https:\/\/adelantehealthcare.com\/wp-content\/uploads\/2022\/06\/FW-Donation-Page-Header-scaled-1.jpg\" alt=\"Donar a Farmworker Health Today\" width=\"439\" height=\"248\" \/><\/p>\n<p>Los centros de salud comunitarios de todo el pa\u00eds celebran la Semana Nacional del Centro de Salud del 9 al 15 de agosto.<\/p>\n<p>En Adelante, utilizamos esta celebraci\u00f3n anual como una ocasi\u00f3n para honrar nuestras ra\u00edces en el cuidado de los trabajadores agr\u00edcolas y agr\u00edcolas.<\/p>\n<h4><span style=\"font-size: 14pt;\">Ha sido un a\u00f1o dif\u00edcil para todos.<\/span><br \/>\n<span style=\"font-size: 14pt;\">Especialmente los trabajadores agr\u00edcolas.<\/span><\/h4>\n<p>2020 ha sido un a\u00f1o particularmente dif\u00edcil para los trabajadores agr\u00edcolas.<\/p>\n<p>Las viviendas comunales y las condiciones de trabajo cercanas dificultan evitar el coronavirus.<\/p>\n<p>El calor r\u00e9cord de este verano hace que el ya duro trabajo de estar en los campos todo el d\u00eda sea casi insoportable.<\/p>\n<p>Y la interrupci\u00f3n econ\u00f3mica en curso ha agregado estr\u00e9s a las familias que ya est\u00e1n al borde del abismo.<\/p>\n<h4><span style=\"font-size: 14pt;\">Una mano amiga\u00a0<\/span><\/h4>\n<p>Podemos ayudar echando una mano.<\/p>\n<p>Durante el resto de agosto, estamos pidiendo a los miembros del equipo, pacientes y amigos que brinden una mano de ayuda adicional a los trabajadores agr\u00edcolas migrantes que ponen comida en nuestras mesas.<\/p>\n<p>A principios de este verano, generosas empresas e individuos en el Valle nos ayudaron a proporcionar kits de aseo a m\u00e1s de 500 trabajadores en todo el Valle.<\/p>\n<p>Necesitamos su ayuda para continuar ese esfuerzo.<\/p>\n<p>Puedes ayudar de dos maneras:<\/p>\n<ul>\n<li><a href=\"https:\/\/adelantehealthcare.com\/es\/make-a-donation\">Haz una donaci\u00f3n en efectivo<\/a><\/li>\n<li>Deje art\u00edculos como jab\u00f3n, champ\u00fa, protector solar, etc. en cualquier <a href=\"https:\/\/adelantehealthcare.com\/es\/our-locations\/\">ubicaci\u00f3n del\u00a0 Centro de Salud Adelante<\/a><\/li>\n<\/ul>\n<p>Como un bono adicional, las donaciones financieras a Adelante califican para el Cr\u00e9dito Tributario Caritativo de Arizona, lo que significa que puede donar hasta $ 400 como contribuyente soltero o $ 800 para contribuyentes casados, sin costo de bolsillo para usted.\u00a0 <a href=\"https:\/\/adelantehealthcare.com\/wp-content\/uploads\/Tax-Credit_FAQS-ONLY.pdf\">Obtenga m\u00e1s informaci\u00f3n aqu\u00ed<\/a>.<\/p>\n<p>Obtenga m\u00e1s informaci\u00f3n sobre este esfuerzo en este mensaje de video del CEO de Adelante, Pedro Cons.<\/p>\n<p><iframe loading=\"lazy\" title=\"Farmworker Supplies Drive\" width=\"500\" height=\"375\" src=\"https:\/\/www.youtube.com\/embed\/G42GaM5_uPA?start=3&#038;feature=oembed\" frameborder=\"0\" allow=\"accelerometer; autoplay; clipboard-write; encrypted-media; gyroscope; picture-in-picture; web-share\" referrerpolicy=\"strict-origin-when-cross-origin\" allowfullscreen><\/iframe><\/p>\n","protected":false},"excerpt":{"rendered":"<p>Los centros de salud comunitarios de todo el pa\u00eds celebran la Semana Nacional del Centro de Salud del 9 al 15 de agosto. En Adelante, utilizamos esta celebraci\u00f3n anual como una ocasi\u00f3n para honrar nuestras ra\u00edces en el cuidado de los trabajadores agr\u00edcolas y agr\u00edcolas. Ha sido un a\u00f1o dif\u00edcil para todos. Especialmente los trabajadores [&hellip;]<\/p>\n","protected":false},"author":4,"featured_media":2781,"comment_status":"closed","ping_status":"closed","sticky":false,"template":"","format":"standard","meta":{"_acf_changed":false,"_yoast_wpseo_title":"","_yoast_wpseo_metadesc":"","_monsterinsights_skip_tracking":false,"_monsterinsights_sitenote_active":false,"_monsterinsights_sitenote_note":"","_monsterinsights_sitenote_category":0,"_metasync_otto_title":"","_metasync_otto_description":"","_metasync_otto_keywords":"","_metasync_otto_og_title":"","_metasync_otto_og_description":"","_metasync_otto_twitter_title":"","_metasync_otto_twitter_description":"","rank_math_title":"","rank_math_description":"","_aioseo_title":"","_aioseo_description":"","_metasync_seo_title":"","_metasync_seo_desc":"","_metasync_breadcrumb_title":"","_metasync_primary_category":0,"_metasync_primary_product_cat":0,"_metasync_otto_disabled":"","_metasync_hreflang":"","footnotes":""},"categories":[175,193],"tags":[],"class_list":["post-3577","post","type-post","status-publish","format-standard","has-post-thumbnail","hentry","category-sin-categorizar","category-noticias-de-la-comunidad"],"acf":[],"yoast_head":"<!-- This site is optimized with the Yoast SEO plugin v27.5 - https:\/\/yoast.com\/product\/yoast-seo-wordpress\/ -->\n<title>Los trabajadores agr\u00edcolas necesitan nuestro apoyo | Adelante Healthcare<\/title>\n<meta name=\"robots\" content=\"index, follow, max-snippet:-1, max-image-preview:large, max-video-preview:-1\" \/>\n<link rel=\"canonical\" href=\"https:\/\/adelantehealthcare.com\/es\/los-trabajadores-agricolas-necesitan-nuestro-apoyo\/\" \/>\n<meta property=\"og:locale\" content=\"es_ES\" \/>\n<meta property=\"og:type\" content=\"article\" \/>\n<meta property=\"og:title\" content=\"Los trabajadores agr\u00edcolas necesitan nuestro apoyo | Adelante Healthcare\" \/>\n<meta property=\"og:description\" content=\"Los centros de salud comunitarios de todo el pa\u00eds celebran la Semana Nacional del Centro de Salud del 9 al 15 de agosto. En Adelante, utilizamos esta celebraci\u00f3n anual como una ocasi\u00f3n para honrar nuestras ra\u00edces en el cuidado de los trabajadores agr\u00edcolas y agr\u00edcolas. Ha sido un a\u00f1o dif\u00edcil para todos. Especialmente los trabajadores [&hellip;]\" \/>\n<meta property=\"og:url\" content=\"https:\/\/adelantehealthcare.com\/es\/los-trabajadores-agricolas-necesitan-nuestro-apoyo\/\" \/>\n<meta property=\"og:site_name\" content=\"Adelante Healthcare\" \/>\n<meta property=\"og:image\" content=\"https:\/\/adelantehealthcare.com\/wp-content\/uploads\/2022\/06\/FW-Donation-Page-Header-scaled-1.jpg\" \/>\n\t<meta property=\"og:image:width\" content=\"2560\" \/>\n\t<meta property=\"og:image:height\" content=\"1400\" \/>\n\t<meta property=\"og:image:type\" content=\"image\/jpeg\" \/>\n<meta name=\"author\" content=\"marketing\" \/>\n<meta name=\"twitter:card\" content=\"summary_large_image\" \/>\n<!-- \/ Yoast SEO plugin. -->","yoast_head_json":{"title":"Los trabajadores agr\u00edcolas necesitan nuestro apoyo | Adelante Healthcare","robots":{"index":"index","follow":"follow","max-snippet":"max-snippet:-1","max-image-preview":"max-image-preview:large","max-video-preview":"max-video-preview:-1"},"canonical":"https:\/\/adelantehealthcare.com\/es\/los-trabajadores-agricolas-necesitan-nuestro-apoyo\/","og_locale":"es_ES","og_type":"article","og_title":"Los trabajadores agr\u00edcolas necesitan nuestro apoyo | Adelante Healthcare","og_description":"Los centros de salud comunitarios de todo el pa\u00eds celebran la Semana Nacional del Centro de Salud del 9 al 15 de agosto. En Adelante, utilizamos esta celebraci\u00f3n anual como una ocasi\u00f3n para honrar nuestras ra\u00edces en el cuidado de los trabajadores agr\u00edcolas y agr\u00edcolas. Ha sido un a\u00f1o dif\u00edcil para todos. Especialmente los trabajadores [&hellip;]","og_url":"https:\/\/adelantehealthcare.com\/es\/los-trabajadores-agricolas-necesitan-nuestro-apoyo\/","og_site_name":"Adelante Healthcare","og_image":[{"width":2560,"height":1400,"url":"https:\/\/adelantehealthcare.com\/wp-content\/uploads\/2022\/06\/FW-Donation-Page-Header-scaled-1.jpg","type":"image\/jpeg"}],"author":"marketing","twitter_card":"summary_large_image","schema":{"@context":"https:\/\/schema.org","@graph":[{"@type":"Article","@id":"https:\/\/adelantehealthcare.com\/es\/los-trabajadores-agricolas-necesitan-nuestro-apoyo\/#article","isPartOf":{"@id":"https:\/\/adelantehealthcare.com\/es\/los-trabajadores-agricolas-necesitan-nuestro-apoyo\/"},"author":{"name":"marketing","@id":"https:\/\/adelantehealthcare.com\/es\/#\/schema\/person\/23d5965929b0004fe45cc46369829190"},"headline":"Los trabajadores agr\u00edcolas necesitan nuestro apoyo","datePublished":"2020-08-14T19:12:32+00:00","dateModified":"2023-03-21T16:26:50+00:00","mainEntityOfPage":{"@id":"https:\/\/adelantehealthcare.com\/es\/los-trabajadores-agricolas-necesitan-nuestro-apoyo\/"},"wordCount":328,"publisher":{"@id":"https:\/\/adelantehealthcare.com\/es\/#organization"},"image":{"@id":"https:\/\/adelantehealthcare.com\/es\/los-trabajadores-agricolas-necesitan-nuestro-apoyo\/#primaryimage"},"thumbnailUrl":"https:\/\/adelantehealthcare.com\/wp-content\/uploads\/2022\/06\/FW-Donation-Page-Header-scaled-1.jpg","articleSection":["Sin categorizar","Noticias de la comunidad"],"inLanguage":"es"},{"@type":"WebPage","@id":"https:\/\/adelantehealthcare.com\/es\/los-trabajadores-agricolas-necesitan-nuestro-apoyo\/","url":"https:\/\/adelantehealthcare.com\/es\/los-trabajadores-agricolas-necesitan-nuestro-apoyo\/","name":"Los trabajadores agr\u00edcolas necesitan nuestro apoyo | Adelante Healthcare","isPartOf":{"@id":"https:\/\/adelantehealthcare.com\/es\/#website"},"primaryImageOfPage":{"@id":"https:\/\/adelantehealthcare.com\/es\/los-trabajadores-agricolas-necesitan-nuestro-apoyo\/#primaryimage"},"image":{"@id":"https:\/\/adelantehealthcare.com\/es\/los-trabajadores-agricolas-necesitan-nuestro-apoyo\/#primaryimage"},"thumbnailUrl":"https:\/\/adelantehealthcare.com\/wp-content\/uploads\/2022\/06\/FW-Donation-Page-Header-scaled-1.jpg","datePublished":"2020-08-14T19:12:32+00:00","dateModified":"2023-03-21T16:26:50+00:00","breadcrumb":{"@id":"https:\/\/adelantehealthcare.com\/es\/los-trabajadores-agricolas-necesitan-nuestro-apoyo\/#breadcrumb"},"inLanguage":"es","potentialAction":[{"@type":"ReadAction","target":["https:\/\/adelantehealthcare.com\/es\/los-trabajadores-agricolas-necesitan-nuestro-apoyo\/"]}]},{"@type":"ImageObject","inLanguage":"es","@id":"https:\/\/adelantehealthcare.com\/es\/los-trabajadores-agricolas-necesitan-nuestro-apoyo\/#primaryimage","url":"https:\/\/adelantehealthcare.com\/wp-content\/uploads\/2022\/06\/FW-Donation-Page-Header-scaled-1.jpg","contentUrl":"https:\/\/adelantehealthcare.com\/wp-content\/uploads\/2022\/06\/FW-Donation-Page-Header-scaled-1.jpg","width":2560,"height":1400,"caption":"Farmworker Donation Page Header"},{"@type":"BreadcrumbList","@id":"https:\/\/adelantehealthcare.com\/es\/los-trabajadores-agricolas-necesitan-nuestro-apoyo\/#breadcrumb","itemListElement":[{"@type":"ListItem","position":1,"name":"Home","item":"https:\/\/adelantehealthcare.com\/es\/"},{"@type":"ListItem","position":2,"name":"Los trabajadores agr\u00edcolas necesitan nuestro apoyo"}]},{"@type":"WebSite","@id":"https:\/\/adelantehealthcare.com\/es\/#website","url":"https:\/\/adelantehealthcare.com\/es\/","name":"Adelante Healthcare","description":"Compassionate care, for your whole family","publisher":{"@id":"https:\/\/adelantehealthcare.com\/es\/#organization"},"alternateName":"Adelante Healthcare","potentialAction":[{"@type":"SearchAction","target":{"@type":"EntryPoint","urlTemplate":"https:\/\/adelantehealthcare.com\/es\/?s={search_term_string}"},"query-input":{"@type":"PropertyValueSpecification","valueRequired":true,"valueName":"search_term_string"}}],"inLanguage":"es"},{"@type":"Organization","@id":"https:\/\/adelantehealthcare.com\/es\/#organization","name":"Adelante Healthcare","url":"https:\/\/adelantehealthcare.com\/es\/","logo":{"@type":"ImageObject","inLanguage":"es","@id":"https:\/\/adelantehealthcare.com\/es\/#\/schema\/logo\/image\/","url":"https:\/\/adelantehealthcare.com\/wp-content\/uploads\/2024\/02\/adelante-healthcare.jpg","contentUrl":"https:\/\/adelantehealthcare.com\/wp-content\/uploads\/2024\/02\/adelante-healthcare.jpg","width":500,"height":500,"caption":"Adelante Healthcare"},"image":{"@id":"https:\/\/adelantehealthcare.com\/es\/#\/schema\/logo\/image\/"}},{"@type":"Person","@id":"https:\/\/adelantehealthcare.com\/es\/#\/schema\/person\/23d5965929b0004fe45cc46369829190","name":"marketing","image":{"@type":"ImageObject","inLanguage":"es","@id":"https:\/\/secure.gravatar.com\/avatar\/5bfbbc4ff4c8ceb3293fefb9079b53f3e6eeb9e0cf7a60803be4e107f80878ca?s=96&d=mm&r=g","url":"https:\/\/secure.gravatar.com\/avatar\/5bfbbc4ff4c8ceb3293fefb9079b53f3e6eeb9e0cf7a60803be4e107f80878ca?s=96&d=mm&r=g","contentUrl":"https:\/\/secure.gravatar.com\/avatar\/5bfbbc4ff4c8ceb3293fefb9079b53f3e6eeb9e0cf7a60803be4e107f80878ca?s=96&d=mm&r=g","caption":"marketing"},"sameAs":["https:\/\/adelantehealthcare.com\/"]}]}},"_links":{"self":[{"href":"https:\/\/adelantehealthcare.com\/es\/wp-json\/wp\/v2\/posts\/3577","targetHints":{"allow":["GET"]}}],"collection":[{"href":"https:\/\/adelantehealthcare.com\/es\/wp-json\/wp\/v2\/posts"}],"about":[{"href":"https:\/\/adelantehealthcare.com\/es\/wp-json\/wp\/v2\/types\/post"}],"author":[{"embeddable":true,"href":"https:\/\/adelantehealthcare.com\/es\/wp-json\/wp\/v2\/users\/4"}],"replies":[{"embeddable":true,"href":"https:\/\/adelantehealthcare.com\/es\/wp-json\/wp\/v2\/comments?post=3577"}],"version-history":[{"count":0,"href":"https:\/\/adelantehealthcare.com\/es\/wp-json\/wp\/v2\/posts\/3577\/revisions"}],"wp:featuredmedia":[{"embeddable":true,"href":"https:\/\/adelantehealthcare.com\/es\/wp-json\/wp\/v2\/media\/2781"}],"wp:attachment":[{"href":"https:\/\/adelantehealthcare.com\/es\/wp-json\/wp\/v2\/media?parent=3577"}],"wp:term":[{"taxonomy":"category","embeddable":true,"href":"https:\/\/adelantehealthcare.com\/es\/wp-json\/wp\/v2\/categories?post=3577"},{"taxonomy":"post_tag","embeddable":true,"href":"https:\/\/adelantehealthcare.com\/es\/wp-json\/wp\/v2\/tags?post=3577"}],"curies":[{"name":"wp","href":"https:\/\/api.w.org\/{rel}","templated":true}]}}